{"id":11454,"date":"2022-05-28T20:03:12","date_gmt":"2022-05-28T18:03:12","guid":{"rendered":"https:\/\/www.lasoci.org\/?p=11454"},"modified":"2022-05-28T20:04:52","modified_gmt":"2022-05-28T18:04:52","slug":"basquet-barcelona-draft-2022-2","status":"publish","type":"post","link":"https:\/\/www.lasoci.org\/es\/basquet-barcelona-draft-2022-2\/","title":{"rendered":"B\u00e0squet Barcelona: \u00a1Draft 2022!"},"content":{"rendered":"\n<p>\u00bfTe gusta el baloncesto? La secci\u00f3n decana del baloncesto asociativo busca nuevos jugadores para reforzar a sus equipos que participan en la Liga Social 2022.<\/p>\n\n\n\n<p>\u00a0\u00a0\u00a0\u00a0\u00a0\u00a0\u00a0\u00a0\u00a0 \u201cSe trata de una competici\u00f3n que estamos jugando con mucha ilusi\u00f3n y una gran competitividad\u201d, explica Xavier Aparicio, uno de los puntuales de B\u00e0squet Barcelona.<\/p>\n\n\n\n<p><strong>Liga Social 2022<\/strong><\/p>\n\n\n\n<p>Los partidos se disputan en las instalaciones de la Salle y, en el momento de editar esta informaci\u00f3n, Barna Lakers segu\u00eda liderando la clasificaci\u00f3n, convirti\u00e9ndose en la sorpresa del torneo, seguido de los Celtics, Jugoplastika y Can 60. Cabe destacar, a\u00f1ade Xavier, que \u00ablos partidos son muy entretenidos, ya que se suelen decidir por diferencias m\u00ednimas, pr\u00f3rrogas incluidas\u00bb.<\/p>\n\n\n\n<p>&nbsp;&nbsp;&nbsp;&nbsp;&nbsp;&nbsp;&nbsp;&nbsp;&nbsp; Con el partido memorial Joan Puig, que disputar\u00e1n un combinado de jugadores de la secci\u00f3n contra un equipo federado invitado, y con la Copa Social, como los otros dos grandes compromisos de la secci\u00f3n, B\u00e0squet Barcelona celebra, sobre todo, \u201chaber conseguido volver a la normalidad de nuestra actividad\u201d.<\/p>\n\n\n\n<p><strong>\u00a1Ap\u00fantate!<\/strong><\/p>\n\n\n\n<p>Y es en este marco tan atractivo, que los compa\u00f1eros barceloneses lanzan un llamamiento a todos los colegas aficionados al baloncesto y con ganas de compartir el deporte que les apasiona en muy buena compa\u00f1\u00eda, que no lo duden m\u00e1s y que se inscriban en la secci\u00f3n.<\/p>\n\n\n\n<p>\u00a0\u00a0\u00a0\u00a0\u00a0\u00a0\u00a0\u00a0\u00a0 \u00a1S\u00f3lo hay que tener ganas! \u00a1El Draft ha empezado!&#8230; <a href=\"http:\/\/www.lasoci-basquetbarcelona.blogspot.com\">www.lasoci-basquetbarcelona.blogspot.com<\/a><\/p>\n","protected":false},"excerpt":{"rendered":"<p>\u00bfTe gusta el baloncesto? La secci\u00f3n decana del baloncesto asociativo busca nuevos jugadores para reforzar a sus equipos que participan en la Liga Social 2022. \u00a0\u00a0\u00a0\u00a0\u00a0\u00a0\u00a0\u00a0\u00a0 \u201cSe trata de una competici\u00f3n que estamos jugando con mucha ilusi\u00f3n y una gran competitividad\u201d, explica Xavier Aparicio, uno de los puntuales de B\u00e0squet Barcelona. Liga Social 2022 Los&#8230;<\/p>\n","protected":false},"author":4,"featured_media":11452,"comment_status":"closed","ping_status":"closed","sticky":false,"template":"","format":"standard","meta":{"footnotes":""},"categories":[16],"tags":[],"class_list":["post-11454","post","type-post","status-publish","format-standard","has-post-thumbnail","hentry","category-esport"],"_links":{"self":[{"href":"https:\/\/www.lasoci.org\/es\/wp-json\/wp\/v2\/posts\/11454","targetHints":{"allow":["GET"]}}],"collection":[{"href":"https:\/\/www.lasoci.org\/es\/wp-json\/wp\/v2\/posts"}],"about":[{"href":"https:\/\/www.lasoci.org\/es\/wp-json\/wp\/v2\/types\/post"}],"author":[{"embeddable":true,"href":"https:\/\/www.lasoci.org\/es\/wp-json\/wp\/v2\/users\/4"}],"replies":[{"embeddable":true,"href":"https:\/\/www.lasoci.org\/es\/wp-json\/wp\/v2\/comments?post=11454"}],"version-history":[{"count":2,"href":"https:\/\/www.lasoci.org\/es\/wp-json\/wp\/v2\/posts\/11454\/revisions"}],"predecessor-version":[{"id":11456,"href":"https:\/\/www.lasoci.org\/es\/wp-json\/wp\/v2\/posts\/11454\/revisions\/11456"}],"wp:featuredmedia":[{"embeddable":true,"href":"https:\/\/www.lasoci.org\/es\/wp-json\/wp\/v2\/media\/11452"}],"wp:attachment":[{"href":"https:\/\/www.lasoci.org\/es\/wp-json\/wp\/v2\/media?parent=11454"}],"wp:term":[{"taxonomy":"category","embeddable":true,"href":"https:\/\/www.lasoci.org\/es\/wp-json\/wp\/v2\/categories?post=11454"},{"taxonomy":"post_tag","embeddable":true,"href":"https:\/\/www.lasoci.org\/es\/wp-json\/wp\/v2\/tags?post=11454"}],"curies":[{"name":"wp","href":"https:\/\/api.w.org\/{rel}","templated":true}]}}