{"id":11438,"date":"2022-05-24T20:43:39","date_gmt":"2022-05-24T18:43:39","guid":{"rendered":"https:\/\/www.lasoci.org\/?p=11438"},"modified":"2022-05-24T20:43:40","modified_gmt":"2022-05-24T18:43:40","slug":"que-hacemos-semana-del-23-al-29-de-mayo","status":"publish","type":"post","link":"https:\/\/www.lasoci.org\/es\/que-hacemos-semana-del-23-al-29-de-mayo\/","title":{"rendered":"\u00bfQU\u00c9 HACEMOS?&#8230; SEMANA DEL 23 AL 29 DE MAYO"},"content":{"rendered":"\n<p>Esta semana, la del 23 AL 29 DE MAYO, la AGENDA de la SOCI nos propone las siguientes actividades:<\/p>\n\n\n\n<p><strong>MARTES 24 de MAYO<\/strong><\/p>\n\n\n\n<p>HIST\u00d2RIA BARCELONA nos propone a Frederyk Chopin: Par\u00eds, Mallorca y Nohant. Los \u00faltimos a\u00f1os. Conferencia a cargo del music\u00f3logo Joan Vives, que posteriormente se podr\u00e1 visualizar en la videoteca de la Soci.<\/p>\n\n\n\n<p>PIRAG\u00dcISMO TENERIFE organiza una de sus salidas regulares en kayak de mar por la costa de Tabaiba.<\/p>\n\n\n\n<p>CAMINANTS BAGES-BERGUED\u00c0 convoca su DXX Caminata que, en esta ocasi\u00f3n transita por el Camino de la S\u00e8quia.<\/p>\n\n\n\n<p><strong>MI\u00c9RCOLES 25 de MAYO<\/strong><\/p>\n\n\n\n<p>CAMINANTS BARCELONA le invita a hacer la ruta de Sant Sadurn\u00ed por la colina de Mota, los molinos Asbert y Aixertell.<\/p>\n\n\n\n<p>EXCURSIONS I VISITES CULTURALS GIRONA nos avisa de la visita programada en el Castillo de Peralada y en la villa de Besal\u00fa.<\/p>\n\n\n\n<p><strong>JUEVES 26 de MAYO<\/strong><\/p>\n\n\n\n<p>HISTORIA MADRID organiza un recorrido hist\u00f3rico por la Casa Lope de Vega y el Barrio de las Letras.<\/p>\n\n\n\n<p>KARTING TENERIFE atenci\u00f3n porque disputa la carrera de karts correspondiente al Campeonato Social 2022.<\/p>\n\n\n\n<p><strong>VIERNES 27 de MAYO<\/strong><\/p>\n\n\n\n<p>M\u00daSICA MODERNA MADRID ofrecer\u00e1 el Concierto Jam Session en el local Ton y Son. \u00a1Tocar\u00e1n los dos grupos de la secci\u00f3n, los No Time y Los Otros, tambi\u00e9n tomar\u00e1n parte otros grupos del mismo local madrile\u00f1o! Empiezan a las 18.30h&#8230;<\/p>\n\n\n\n<p><strong>S\u00c1BADO 28 de MAYO<\/strong><\/p>\n\n\n\n<p>CICLISMO ASTURIAS participa en el ascenso de la Cubilla, en un trayecto que pasa por los concejos de Lena, Mieres y Langreo, con final en la cima de la Cubilla, en el Parque Natural de Las Ubi\u00f1as-La Mesa Reserva de la Biosfera.<\/p>\n\n\n\n<p>GOLF GIRONA disputa el 23 Campeonato Social en el campo del Club TorreMirona.<\/p>\n\n\n\n<p><strong>DOMINGO 29 de MAYO<\/strong><\/p>\n\n\n\n<p>REMO VALENCIA nos invita a una jornada de participaci\u00f3n abierta de remo a todos los compa\u00f1eros y compa\u00f1eras. Se trata de realizar una salida en &#8216;falucho&#8217; desde el puerto de Valencia. \u00bfLo probamos?&#8230;<\/p>\n\n\n\n<p>P\u00c1DEL ZARAGOZA organiza su Torneo Social de Primavera.<\/p>\n\n\n\n<p>TRIATL\u00d3 Y FONDISTAS BARCELONA participa en la prueba Cursa Dir Guardia Urbana 10K, una buena excusa para reunir la flor y nata de los y las fondistas barceloneses&#8230;<\/p>\n","protected":false},"excerpt":{"rendered":"<p>Esta semana, la del 23 AL 29 DE MAYO, la AGENDA de la SOCI nos propone las siguientes actividades: MARTES 24 de MAYO HIST\u00d2RIA BARCELONA nos propone a Frederyk Chopin: Par\u00eds, Mallorca y Nohant. Los \u00faltimos a\u00f1os. Conferencia a cargo del music\u00f3logo Joan Vives, que posteriormente se podr\u00e1 visualizar en la videoteca de la Soci&#8230;.<\/p>\n","protected":false},"author":4,"featured_media":11435,"comment_status":"closed","ping_status":"closed","sticky":false,"template":"","format":"standard","meta":{"footnotes":""},"categories":[30],"tags":[],"class_list":["post-11438","post","type-post","status-publish","format-standard","has-post-thumbnail","hentry","category-associacio"],"_links":{"self":[{"href":"https:\/\/www.lasoci.org\/es\/wp-json\/wp\/v2\/posts\/11438","targetHints":{"allow":["GET"]}}],"collection":[{"href":"https:\/\/www.lasoci.org\/es\/wp-json\/wp\/v2\/posts"}],"about":[{"href":"https:\/\/www.lasoci.org\/es\/wp-json\/wp\/v2\/types\/post"}],"author":[{"embeddable":true,"href":"https:\/\/www.lasoci.org\/es\/wp-json\/wp\/v2\/users\/4"}],"replies":[{"embeddable":true,"href":"https:\/\/www.lasoci.org\/es\/wp-json\/wp\/v2\/comments?post=11438"}],"version-history":[{"count":1,"href":"https:\/\/www.lasoci.org\/es\/wp-json\/wp\/v2\/posts\/11438\/revisions"}],"predecessor-version":[{"id":11439,"href":"https:\/\/www.lasoci.org\/es\/wp-json\/wp\/v2\/posts\/11438\/revisions\/11439"}],"wp:featuredmedia":[{"embeddable":true,"href":"https:\/\/www.lasoci.org\/es\/wp-json\/wp\/v2\/media\/11435"}],"wp:attachment":[{"href":"https:\/\/www.lasoci.org\/es\/wp-json\/wp\/v2\/media?parent=11438"}],"wp:term":[{"taxonomy":"category","embeddable":true,"href":"https:\/\/www.lasoci.org\/es\/wp-json\/wp\/v2\/categories?post=11438"},{"taxonomy":"post_tag","embeddable":true,"href":"https:\/\/www.lasoci.org\/es\/wp-json\/wp\/v2\/tags?post=11438"}],"curies":[{"name":"wp","href":"https:\/\/api.w.org\/{rel}","templated":true}]}}