{"id":10708,"date":"2021-07-29T18:16:10","date_gmt":"2021-07-29T16:16:10","guid":{"rendered":"https:\/\/www.lasoci.org\/?p=10708"},"modified":"2021-07-29T18:17:31","modified_gmt":"2021-07-29T16:17:31","slug":"actividades-subacuaticas-madrid-se-reencuentra-en-la-herradura","status":"publish","type":"post","link":"https:\/\/www.lasoci.org\/es\/actividades-subacuaticas-madrid-se-reencuentra-en-la-herradura\/","title":{"rendered":"Actividades Subacu\u00e1ticas Madrid vuelve al agua"},"content":{"rendered":"\n<p>La espera fue larga pero el reencuentro vali\u00f3 la pena. \u00ab\u00a1Al fin! Han sido meses de resignada espera y que hemos pasado con muchas ganas de que las condiciones fueran las adecuadas para permitir una desescalada que posibilitara volver a vestirnos con el neopreno.\u201d, cuenta Francisco Javier Toro, el incombustibles delegado de la secci\u00f3n Actividades subacu\u00e1ticas Madrid.<\/p>\n\n\n\n<p>Y con la llegada del verano y se dieron las condiciones para que la secci\u00f3n convocara una salida que fue muy especial. \u00abHab\u00eda muchas ganas de vernos y eso hizo que en seguida que enviamos la convocatoria, las inscripciones fue inmediatas\u00bb.<\/p>\n\n\n\n<p>El lugar de encuentro fue en la playa de La Herradura, en el litoral de Granada y uno de los enclaves m\u00e1s emblem\u00e1ticos de la costa mediterr\u00e1neas para hacer inmersiones, con un fondo marino impresionante.<\/p>\n\n\n\n<p>\u00abLa salida fue de fin de semana y tuvimos la oportunidad de hacer dos inmersiones\u00bb, explica el delegado. \u00abEl agua estaba helada, a una temperatura de agua 15 grados, lo cual pero no nos ni pesta\u00f1ear\u00bb, a\u00f1ade.<\/p>\n\n\n\n<p><strong>Planificar la temporada<\/strong><\/p>\n\n\n\n<p>Afortunadamente sin embargo, fuera del agua la temperatura era agradablemente veraniega.<\/p>\n\n\n\n<p>Hay que decir que \u00abel primer d\u00eda de la salida, el s\u00e1bado, celebramos una comida de &#8216;trabajo&#8217; para ponernos al d\u00eda sobre los proyectos de la secci\u00f3n y planificar las salidas para la temporada presente\u00bb.<\/p>\n\n\n\n<p>Y hay que a\u00f1adir, que todos los compa\u00f1eros y compa\u00f1eras participantes en la salida de la secci\u00f3n de los submarinistas madrile\u00f1os, estaban vacunados.<\/p>\n","protected":false},"excerpt":{"rendered":"<p>La espera fue larga pero el reencuentro vali\u00f3 la pena. \u00ab\u00a1Al fin! Han sido meses de resignada espera y que hemos pasado con muchas ganas de que las condiciones fueran las adecuadas para permitir una desescalada que posibilitara volver a vestirnos con el neopreno.\u201d, cuenta Francisco Javier Toro, el incombustibles delegado de la secci\u00f3n Actividades&#8230;<\/p>\n","protected":false},"author":4,"featured_media":10706,"comment_status":"closed","ping_status":"closed","sticky":false,"template":"","format":"standard","meta":{"footnotes":""},"categories":[48],"tags":[],"class_list":["post-10708","post","type-post","status-publish","format-standard","has-post-thumbnail","hentry","category-deporte"],"_links":{"self":[{"href":"https:\/\/www.lasoci.org\/es\/wp-json\/wp\/v2\/posts\/10708","targetHints":{"allow":["GET"]}}],"collection":[{"href":"https:\/\/www.lasoci.org\/es\/wp-json\/wp\/v2\/posts"}],"about":[{"href":"https:\/\/www.lasoci.org\/es\/wp-json\/wp\/v2\/types\/post"}],"author":[{"embeddable":true,"href":"https:\/\/www.lasoci.org\/es\/wp-json\/wp\/v2\/users\/4"}],"replies":[{"embeddable":true,"href":"https:\/\/www.lasoci.org\/es\/wp-json\/wp\/v2\/comments?post=10708"}],"version-history":[{"count":3,"href":"https:\/\/www.lasoci.org\/es\/wp-json\/wp\/v2\/posts\/10708\/revisions"}],"predecessor-version":[{"id":10711,"href":"https:\/\/www.lasoci.org\/es\/wp-json\/wp\/v2\/posts\/10708\/revisions\/10711"}],"wp:featuredmedia":[{"embeddable":true,"href":"https:\/\/www.lasoci.org\/es\/wp-json\/wp\/v2\/media\/10706"}],"wp:attachment":[{"href":"https:\/\/www.lasoci.org\/es\/wp-json\/wp\/v2\/media?parent=10708"}],"wp:term":[{"taxonomy":"category","embeddable":true,"href":"https:\/\/www.lasoci.org\/es\/wp-json\/wp\/v2\/categories?post=10708"},{"taxonomy":"post_tag","embeddable":true,"href":"https:\/\/www.lasoci.org\/es\/wp-json\/wp\/v2\/tags?post=10708"}],"curies":[{"name":"wp","href":"https:\/\/api.w.org\/{rel}","templated":true}]}}