{"id":10620,"date":"2021-07-19T12:00:08","date_gmt":"2021-07-19T10:00:08","guid":{"rendered":"https:\/\/www.lasoci.org\/?p=10620"},"modified":"2021-07-19T12:00:10","modified_gmt":"2021-07-19T10:00:10","slug":"basquet-barcelona-el-triple-de-la-soci","status":"publish","type":"post","link":"https:\/\/www.lasoci.org\/es\/basquet-barcelona-el-triple-de-la-soci\/","title":{"rendered":"B\u00e0squet Barcelona, el triple de la Soci"},"content":{"rendered":"\n<p>La secci\u00f3n B\u00e0squet Barcelona complet\u00f3, un a\u00f1o m\u00e1s, su temporada de actividades. Y para ello, ha sido necesaria muchas dosis de ilusi\u00f3n y ganas de baloncesto y de Soci, porque la campa\u00f1a del 2021 no ha sido nada f\u00e1cil, para todos y en especial para las actividades en grupo, tal como nos cuenta el componente de la secci\u00f3n y autor de esta cr\u00f3nica, el Xavi Aparicio:<\/p>\n\n\n\n<p>\u00abDe todos modos, gracias al empuje de nuestro delegado, Claudio Reyn\u00e9s, y la colaboraci\u00f3n de los capitanes de los equipos, Quim Manso y Pep Ortiz, fuimos capaces de organizar un 3&#215;3 en el mes de octubre en las instalaciones barcelonesas del colegio la Salle.<\/p>\n\n\n\n<p>La final se la llev\u00f3 el equipo de Jugoplastika formado por Francisco y Eduardo de Gregorio, Jordi Garcia y Natxo L\u00f3pez contra unos Celtics que lucharon hasta el \u00faltimo segundo.<\/p>\n\n\n\n<p>Despu\u00e9s de meses sin poder jugar a nuestro deporte conseguimos jugar en formato corto la Copa Joan Gavald\u00e0 entre los equipos anteriores m\u00e1s un combinado de Barna Lakers y Can 60.<\/p>\n\n\n\n<p>Finalmente Jugoplastika se adjudic\u00f3 el campeonato. Posteriormente, tuvo lugar la clausura de la temporada con el cl\u00e1sico partido \u2018All Stars\u2019 en el que participamos, jugamos, encestamos y lo pasamos bien todos los componentes de la secci\u00f3n.<\/p>\n\n\n\n<p><strong>Orgullo de Soci<\/strong><\/p>\n\n\n\n<p>Orgullosos de haber podido mantener el contacto entre todos los asociados en la \u00e9poca de pandemia esperamos con impaciencia poder empezar una temporada normal a finales de septiembre.<\/p>\n\n\n\n<p>No lo dud\u00e9is: apuntarse a nuestra secci\u00f3n equivale a disfrutar de este deporte tan maravilloso.\u00bb<\/p>\n\n\n\n<p>Palabra de B\u00e0squet Barcelona: \u00a1triple seguro!<\/p>\n","protected":false},"excerpt":{"rendered":"<p>La secci\u00f3n B\u00e0squet Barcelona complet\u00f3, un a\u00f1o m\u00e1s, su temporada de actividades. Y para ello, ha sido necesaria muchas dosis de ilusi\u00f3n y ganas de baloncesto y de Soci, porque la campa\u00f1a del 2021 no ha sido nada f\u00e1cil, para todos y en especial para las actividades en grupo, tal como nos cuenta el componente&#8230;<\/p>\n","protected":false},"author":4,"featured_media":10618,"comment_status":"closed","ping_status":"closed","sticky":false,"template":"","format":"standard","meta":{"footnotes":""},"categories":[48],"tags":[],"class_list":["post-10620","post","type-post","status-publish","format-standard","has-post-thumbnail","hentry","category-deporte"],"_links":{"self":[{"href":"https:\/\/www.lasoci.org\/es\/wp-json\/wp\/v2\/posts\/10620","targetHints":{"allow":["GET"]}}],"collection":[{"href":"https:\/\/www.lasoci.org\/es\/wp-json\/wp\/v2\/posts"}],"about":[{"href":"https:\/\/www.lasoci.org\/es\/wp-json\/wp\/v2\/types\/post"}],"author":[{"embeddable":true,"href":"https:\/\/www.lasoci.org\/es\/wp-json\/wp\/v2\/users\/4"}],"replies":[{"embeddable":true,"href":"https:\/\/www.lasoci.org\/es\/wp-json\/wp\/v2\/comments?post=10620"}],"version-history":[{"count":1,"href":"https:\/\/www.lasoci.org\/es\/wp-json\/wp\/v2\/posts\/10620\/revisions"}],"predecessor-version":[{"id":10621,"href":"https:\/\/www.lasoci.org\/es\/wp-json\/wp\/v2\/posts\/10620\/revisions\/10621"}],"wp:featuredmedia":[{"embeddable":true,"href":"https:\/\/www.lasoci.org\/es\/wp-json\/wp\/v2\/media\/10618"}],"wp:attachment":[{"href":"https:\/\/www.lasoci.org\/es\/wp-json\/wp\/v2\/media?parent=10620"}],"wp:term":[{"taxonomy":"category","embeddable":true,"href":"https:\/\/www.lasoci.org\/es\/wp-json\/wp\/v2\/categories?post=10620"},{"taxonomy":"post_tag","embeddable":true,"href":"https:\/\/www.lasoci.org\/es\/wp-json\/wp\/v2\/tags?post=10620"}],"curies":[{"name":"wp","href":"https:\/\/api.w.org\/{rel}","templated":true}]}}