{"id":10601,"date":"2021-07-12T18:40:10","date_gmt":"2021-07-12T16:40:10","guid":{"rendered":"https:\/\/www.lasoci.org\/?p=10601"},"modified":"2021-07-12T18:40:11","modified_gmt":"2021-07-12T16:40:11","slug":"voces-de-gospel-contra-la-exclusion-social","status":"publish","type":"post","link":"https:\/\/www.lasoci.org\/es\/voces-de-gospel-contra-la-exclusion-social\/","title":{"rendered":"Voces de g\u00f3spel contra la exclusi\u00f3n social"},"content":{"rendered":"\n<p>G\u00f3spel y solidaridad, un maridaje bien cuajado. El jard\u00edn del local social vivi\u00f3 un evento de sensaciones cruzadas: m\u00fasica con sentimiento, entrega de las artistas y agradecimiento del p\u00fablico a partes iguales.<\/p>\n\n\n\n<p>&nbsp;&nbsp;&nbsp;&nbsp;&nbsp;&nbsp;&nbsp;&nbsp;&nbsp; En definitiva, una velada redonda que, adem\u00e1s, se enmarca en el plan de acci\u00f3n social de la Soci y los Voluntarios. La cultural, el entretenimiento y la solidaridad, un tri\u00e1ngulo que encaja.<\/p>\n\n\n\n<p><strong>Voces con sentimiento<\/strong><\/p>\n\n\n\n<p>El coro Dona G\u00f2spel (Mujer G\u00f3spel), una formaci\u00f3n musical vocal que re\u00fane mujeres de varias nacionalidades y en riesgo de exclusi\u00f3n social, ofreci\u00f3 un concierto que entusiasm\u00f3 al p\u00fablico que llen\u00f3 hasta la \u00faltima silla disponible (con el aforo permitido por las restricciones de la pandemia), de las distribuidas en el jard\u00edn de la sede social.<\/p>\n\n\n\n<p>En un marco y con un calor muy adecuado, el coro Dona G\u00f2spel ofreci\u00f3 durante m\u00e1s de una hora un repertorio con piezas de g\u00f3spel de diversa procedencia, que combinaba cl\u00e1sico con canciones originarias de pa\u00edses como Sud\u00e1frica, una fuente de influencia significativa por al grupo, tal y como explic\u00f3 su directora.<\/p>\n\n\n\n<p>Antes de comenzar el concierto, una de las representantes de la entidad social El Lloc de la Dona (el lugar de la mujer) y una de les voces del coro, M\u00edriam, explic\u00f3 el origen de la formaci\u00f3n: \u00abNuestra entidad lleva m\u00e1s de 30 a\u00f1os en el barrio del Raval de Barcelona. De o\u00edrlas cantar entre clases vimos que hab\u00eda potencial para formar un coro; y aqu\u00ed estamos \u00ab, explic\u00f3.<\/p>\n\n\n\n<p>Sobre la elecci\u00f3n del g\u00f3spel como estilo musical del coraz\u00f3n, M\u00edriam explic\u00f3 que, \u00abcon la m\u00fasica g\u00f3spel, todas ellas quieren expresar su agradecimiento a Dios que saben que nunca las abandonar\u00e1\u00bb.<\/p>\n\n\n\n<p><strong>Donaci\u00f3n solidaria<\/strong><\/p>\n\n\n\n<p>Aparte de ofrecer un rato de muy buen entretenimiento a los asociados y miembros de la Soci, el objetivo del concierto era tambi\u00e9n solidario.<\/p>\n\n\n\n<p>As\u00ed, antes de empezar, la presidenta de la Asociaci\u00f3n, Vict\u00f2ria de Lucas, pidi\u00f3 a los asistentes que a la salida, \u00absi os ha gustado el concierto, os agradeceremos que lo demostr\u00e9is haciendo una donaci\u00f3n solidaria, y si no te ha acabado de convencer, \u00a1tambi\u00e9n!\u00bb.<\/p>\n\n\n\n<p>El p\u00fablico fue generoso y los donativos se destinaron a la entidad El Lloc de la Dona, un espacio en el que la orden de las Hermanas Oblatas acompa\u00f1an y acogen a mujeres que viven en situaci\u00f3n vulnerable y de exclusi\u00f3n social. Una buena causa.<\/p>\n\n\n\n<p><strong>Concierto en la Videoteca<\/strong><\/p>\n\n\n\n<p>El concierto ha sido grabado \u00edntegramente para ser colgado en la Videoteca de nuestra p\u00e1gina web, a disposici\u00f3n de todos los miembros de la Soci que quieran disfrutarlo.<\/p>\n\n\n\n<p>\u00a1Hacemos Soci, somos solidarios y nos lo pasamos bien!<\/p>\n","protected":false},"excerpt":{"rendered":"<p>G\u00f3spel y solidaridad, un maridaje bien cuajado. El jard\u00edn del local social vivi\u00f3 un evento de sensaciones cruzadas: m\u00fasica con sentimiento, entrega de las artistas y agradecimiento del p\u00fablico a partes iguales. &nbsp;&nbsp;&nbsp;&nbsp;&nbsp;&nbsp;&nbsp;&nbsp;&nbsp; En definitiva, una velada redonda que, adem\u00e1s, se enmarca en el plan de acci\u00f3n social de la Soci y los Voluntarios. La&#8230;<\/p>\n","protected":false},"author":4,"featured_media":10599,"comment_status":"closed","ping_status":"closed","sticky":false,"template":"","format":"standard","meta":{"footnotes":""},"categories":[45],"tags":[],"class_list":["post-10601","post","type-post","status-publish","format-standard","has-post-thumbnail","hentry","category-voluntariado"],"_links":{"self":[{"href":"https:\/\/www.lasoci.org\/es\/wp-json\/wp\/v2\/posts\/10601","targetHints":{"allow":["GET"]}}],"collection":[{"href":"https:\/\/www.lasoci.org\/es\/wp-json\/wp\/v2\/posts"}],"about":[{"href":"https:\/\/www.lasoci.org\/es\/wp-json\/wp\/v2\/types\/post"}],"author":[{"embeddable":true,"href":"https:\/\/www.lasoci.org\/es\/wp-json\/wp\/v2\/users\/4"}],"replies":[{"embeddable":true,"href":"https:\/\/www.lasoci.org\/es\/wp-json\/wp\/v2\/comments?post=10601"}],"version-history":[{"count":1,"href":"https:\/\/www.lasoci.org\/es\/wp-json\/wp\/v2\/posts\/10601\/revisions"}],"predecessor-version":[{"id":10602,"href":"https:\/\/www.lasoci.org\/es\/wp-json\/wp\/v2\/posts\/10601\/revisions\/10602"}],"wp:featuredmedia":[{"embeddable":true,"href":"https:\/\/www.lasoci.org\/es\/wp-json\/wp\/v2\/media\/10599"}],"wp:attachment":[{"href":"https:\/\/www.lasoci.org\/es\/wp-json\/wp\/v2\/media?parent=10601"}],"wp:term":[{"taxonomy":"category","embeddable":true,"href":"https:\/\/www.lasoci.org\/es\/wp-json\/wp\/v2\/categories?post=10601"},{"taxonomy":"post_tag","embeddable":true,"href":"https:\/\/www.lasoci.org\/es\/wp-json\/wp\/v2\/tags?post=10601"}],"curies":[{"name":"wp","href":"https:\/\/api.w.org\/{rel}","templated":true}]}}