{"id":10585,"date":"2021-07-07T19:02:44","date_gmt":"2021-07-07T17:02:44","guid":{"rendered":"https:\/\/www.lasoci.org\/?p=10585"},"modified":"2021-07-07T19:03:52","modified_gmt":"2021-07-07T17:03:52","slug":"historia-valencia-estrena-con-companeros-de-bankia","status":"publish","type":"post","link":"https:\/\/www.lasoci.org\/es\/historia-valencia-estrena-con-companeros-de-bankia\/","title":{"rendered":"Historia Valencia debuta con compa\u00f1eros de Bankia"},"content":{"rendered":"\n<p>\u00a1Bienvenida! La secci\u00f3n Historia Valencia, con Eva Mar\u00eda Gonz\u00e1lez asumiendo las funciones de delegada, llev\u00f3 a cabo su primera actividad.<\/p>\n\n\n\n<p>&nbsp;&nbsp;&nbsp;&nbsp;&nbsp;&nbsp;&nbsp;&nbsp;&nbsp; En su esperado debut, los compa\u00f1eros valencianos visitaron la Sierra del Mond\u00faver, en la comarca de Safor, de Gandia. \u00abTen\u00edamos muchas ganas de hacer nuestra primera actividad y la verdad es que la temperatura veraniega, con la brisa de la sierra, fue una acompa\u00f1ante agradable durante toda la jornada\u00bb, explica la delegada valenciana.<\/p>\n\n\n\n<p><strong>Visita prehist\u00f3rica<\/strong><\/p>\n\n\n\n<p>El recorrido inici\u00e1tico de la secci\u00f3n Historia Valencia consisti\u00f3 en una visita guiada a una zona \u00abdonde nuestros antepasados \u200b\u200bhab\u00eda vivido hace m\u00e1s de 15.000 a\u00f1os, que se dice pronto\u00bb, comenta la delegada.<\/p>\n\n\n\n<p>&nbsp;&nbsp;&nbsp;&nbsp;&nbsp;&nbsp;&nbsp;&nbsp;&nbsp; El momento culminante del recorrido se produjo cuando el grupo entr\u00f3 en el yacimiento de la Cova del Parpall\u00f3, \u00abun yacimiento de un valor arqueol\u00f3gico incalculable, ya que se descubri\u00f3 el conjunto de arte mueble prehist\u00f3rico m\u00e1s grande de Europa \u00ab, a\u00f1ade la delegada.<\/p>\n\n\n\n<p>&nbsp;&nbsp;&nbsp;&nbsp;&nbsp;&nbsp;&nbsp;&nbsp;&nbsp; En conjunto, el espacio contiene m\u00e1s de 5.000 plaquetas del Paleol\u00edtico Superior. Declarada &#8216;Bien de Inter\u00e9s Cultural&#8217;, la Cova del Parpall\u00f3 se encuentra situada a 400 metros sobre el nivel del mar.<\/p>\n\n\n\n<p><strong>Empleados de Bankia<\/strong><\/p>\n\n\n\n<p>Aparte de los conocimientos adquiridos, del inter\u00e9s cultural de la visita y de la oportunidad de hacer una salida en buena compa\u00f1\u00eda, la primera actividad organizada por Historia Valencia sirvi\u00f3 tambi\u00e9n \u00abpara reunir compa\u00f1eros y compa\u00f1eras de CaixaBank con nuevos compa\u00f1eros y compa\u00f1eras procedentes de Bankia, con los familiares respectivos\u00bb, destaca la delegada.<\/p>\n\n\n\n<p>&nbsp;&nbsp;&nbsp;&nbsp;&nbsp;&nbsp;&nbsp;&nbsp;&nbsp; Unos y otros se conocieron gracias a una actividad conjunta organizada por la Socio. Qu\u00e9 debut! Enhorabuena!<\/p>\n","protected":false},"excerpt":{"rendered":"<p>\u00a1Bienvenida! La secci\u00f3n Historia Valencia, con Eva Mar\u00eda Gonz\u00e1lez asumiendo las funciones de delegada, llev\u00f3 a cabo su primera actividad. &nbsp;&nbsp;&nbsp;&nbsp;&nbsp;&nbsp;&nbsp;&nbsp;&nbsp; En su esperado debut, los compa\u00f1eros valencianos visitaron la Sierra del Mond\u00faver, en la comarca de Safor, de Gandia. \u00abTen\u00edamos muchas ganas de hacer nuestra primera actividad y la verdad es que la temperatura&#8230;<\/p>\n","protected":false},"author":4,"featured_media":10584,"comment_status":"closed","ping_status":"closed","sticky":false,"template":"","format":"standard","meta":{"footnotes":""},"categories":[43],"tags":[],"class_list":["post-10585","post","type-post","status-publish","format-standard","has-post-thumbnail","hentry","category-secciones"],"_links":{"self":[{"href":"https:\/\/www.lasoci.org\/es\/wp-json\/wp\/v2\/posts\/10585","targetHints":{"allow":["GET"]}}],"collection":[{"href":"https:\/\/www.lasoci.org\/es\/wp-json\/wp\/v2\/posts"}],"about":[{"href":"https:\/\/www.lasoci.org\/es\/wp-json\/wp\/v2\/types\/post"}],"author":[{"embeddable":true,"href":"https:\/\/www.lasoci.org\/es\/wp-json\/wp\/v2\/users\/4"}],"replies":[{"embeddable":true,"href":"https:\/\/www.lasoci.org\/es\/wp-json\/wp\/v2\/comments?post=10585"}],"version-history":[{"count":2,"href":"https:\/\/www.lasoci.org\/es\/wp-json\/wp\/v2\/posts\/10585\/revisions"}],"predecessor-version":[{"id":10587,"href":"https:\/\/www.lasoci.org\/es\/wp-json\/wp\/v2\/posts\/10585\/revisions\/10587"}],"wp:featuredmedia":[{"embeddable":true,"href":"https:\/\/www.lasoci.org\/es\/wp-json\/wp\/v2\/media\/10584"}],"wp:attachment":[{"href":"https:\/\/www.lasoci.org\/es\/wp-json\/wp\/v2\/media?parent=10585"}],"wp:term":[{"taxonomy":"category","embeddable":true,"href":"https:\/\/www.lasoci.org\/es\/wp-json\/wp\/v2\/categories?post=10585"},{"taxonomy":"post_tag","embeddable":true,"href":"https:\/\/www.lasoci.org\/es\/wp-json\/wp\/v2\/tags?post=10585"}],"curies":[{"name":"wp","href":"https:\/\/api.w.org\/{rel}","templated":true}]}}