{"id":10470,"date":"2021-06-03T18:25:39","date_gmt":"2021-06-03T16:25:39","guid":{"rendered":"https:\/\/www.lasoci.org\/?p=10470"},"modified":"2021-06-03T18:25:41","modified_gmt":"2021-06-03T16:25:41","slug":"asistentes-al-primer-acto-social-presencial-opinan","status":"publish","type":"post","link":"https:\/\/www.lasoci.org\/es\/asistentes-al-primer-acto-social-presencial-opinan\/","title":{"rendered":"Asistentes al primer acto social presencial, opinan&#8230;"},"content":{"rendered":"\n<p>Como hab\u00e9is podido leer en la noticia que antecede a \u00e9sta, el primer acto presencial celebrado en el local social de la Soci, que tuvo lugar el pasado 27 de mayo, y que se enmarc\u00f3 en la presentaci\u00f3n del libro <em>Tres maletas<\/em> escrito por nuestra compa\u00f1era, M. \u00c0ngels Sell\u00e9s, fue muy bien recibido por las personas que asistieron, y que llenaron el aforo limitado por la Covid-19 que se habilit\u00f3 en el jard\u00edn exterior de nuestra sede.<\/p>\n\n\n\n<p>&nbsp;&nbsp;&nbsp;&nbsp;&nbsp;&nbsp;&nbsp;&nbsp;&nbsp; A continuaci\u00f3n, os presentamos una recopilaci\u00f3n de opiniones recogidas a vuela pluma, entre los asistentes. Por primera vez, desde que se declar\u00f3 la pandemia y el posterior estado de alarma, el local volv\u00eda a abrir sus puertas. La ocasi\u00f3n lo vale&#8230;<\/p>\n\n\n\n<p><strong>Ana Abarca<\/strong><\/p>\n\n\n\n<p>beneficiaria<\/p>\n\n\n\n<p>\u00abCon mucha ilusi\u00f3n he asistido a la presentaci\u00f3n del libro <em>Tres maletas<\/em>, y he disfrutado con un acto muy bien estructurado, con participaci\u00f3n de diferentes ponentes. En conjunto, un buen retorno a la &#8216;normalidad'\u00bb.<\/p>\n\n\n\n<p><strong>Mario Ribas<\/strong><\/p>\n\n\n\n<p>Asociado<\/p>\n\n\n\n<p>\u00abTarde de temperatura magnifica. Muy impresionado de ver el patio de la Soci con tanto p\u00fablico, en un acto muy bien llevado y con gente de nivel: periodistas, tertulianos televisivos, directora de entidades -que, creo, colaboran con Fundaci\u00f3n Caixa-, etc\u00e9tera. \u00a1Ah! Y la voz de la cantante, Dol\u00e7a L\u00f3pez, que dio calidez y emoci\u00f3n al acto. Me gust\u00f3 tambi\u00e9n mucho lo que dijeron las autoras. Adem\u00e1s, todo el mundo fue conciso y breve y la verdad es que he pasado una tarde excepcional la Soci.\u00bb<\/p>\n\n\n\n<p><strong>Consuelo de Palacio<\/strong><\/p>\n\n\n\n<p>Profesora<\/p>\n\n\n\n<p>\u00abEsta tarde de final de mayo soleada y n\u00edtida favorece las ganas de volver a la vida cultural presencial. Me ha gustado como ha conducido el acto la periodista Elisenda Soriguera, con las intervenciones de todas las personas de la mesa. La m\u00fasica, suaviza la velada. La emoci\u00f3n rezuma el ambiente, todos los asistentes nos sentimos inmigrantes, con el deseo de alcanzar sue\u00f1os, <em>Tres Maletas<\/em> llenas de l\u00e1grimas, recuerdos, sue\u00f1os y esperanza en un mundo m\u00e1s justo y humano. Gracias de coraz\u00f3n por hacerme disfrutar de un acto como este.\u00bb<\/p>\n\n\n\n<p><strong>Marcel<\/strong><\/p>\n\n\n\n<p>Educador social y beneficiario<\/p>\n\n\n\n<p>\u00ab\u00a1La verdad es que no pensaba que a una presentaci\u00f3n de un libro viniera tanta gente! Yo vengo a la Soci al teatro y est\u00e1 lleno, pero para un libro, me ha sorprendido, la verdad. Muy bien el acto, muy bien dise\u00f1ado, muy acertadas las personas que han presentado el libro y sus intervenciones. Aplaudo el discurso acogedor que se ha transmitido hacia las personas migradas, que es la tem\u00e1tica del libro. Muy bien por la Soci. \u00a1Y que organice m\u00e1s actos culturales!\u00bb<\/p>\n","protected":false},"excerpt":{"rendered":"<p>Como hab\u00e9is podido leer en la noticia que antecede a \u00e9sta, el primer acto presencial celebrado en el local social de la Soci, que tuvo lugar el pasado 27 de mayo, y que se enmarc\u00f3 en la presentaci\u00f3n del libro Tres maletas escrito por nuestra compa\u00f1era, M. \u00c0ngels Sell\u00e9s, fue muy bien recibido por las&#8230;<\/p>\n","protected":false},"author":4,"featured_media":10467,"comment_status":"closed","ping_status":"closed","sticky":false,"template":"","format":"standard","meta":{"footnotes":""},"categories":[49],"tags":[],"class_list":["post-10470","post","type-post","status-publish","format-standard","has-post-thumbnail","hentry","category-asociacion"],"_links":{"self":[{"href":"https:\/\/www.lasoci.org\/es\/wp-json\/wp\/v2\/posts\/10470","targetHints":{"allow":["GET"]}}],"collection":[{"href":"https:\/\/www.lasoci.org\/es\/wp-json\/wp\/v2\/posts"}],"about":[{"href":"https:\/\/www.lasoci.org\/es\/wp-json\/wp\/v2\/types\/post"}],"author":[{"embeddable":true,"href":"https:\/\/www.lasoci.org\/es\/wp-json\/wp\/v2\/users\/4"}],"replies":[{"embeddable":true,"href":"https:\/\/www.lasoci.org\/es\/wp-json\/wp\/v2\/comments?post=10470"}],"version-history":[{"count":1,"href":"https:\/\/www.lasoci.org\/es\/wp-json\/wp\/v2\/posts\/10470\/revisions"}],"predecessor-version":[{"id":10471,"href":"https:\/\/www.lasoci.org\/es\/wp-json\/wp\/v2\/posts\/10470\/revisions\/10471"}],"wp:featuredmedia":[{"embeddable":true,"href":"https:\/\/www.lasoci.org\/es\/wp-json\/wp\/v2\/media\/10467"}],"wp:attachment":[{"href":"https:\/\/www.lasoci.org\/es\/wp-json\/wp\/v2\/media?parent=10470"}],"wp:term":[{"taxonomy":"category","embeddable":true,"href":"https:\/\/www.lasoci.org\/es\/wp-json\/wp\/v2\/categories?post=10470"},{"taxonomy":"post_tag","embeddable":true,"href":"https:\/\/www.lasoci.org\/es\/wp-json\/wp\/v2\/tags?post=10470"}],"curies":[{"name":"wp","href":"https:\/\/api.w.org\/{rel}","templated":true}]}}