{"id":10457,"date":"2021-05-31T18:59:27","date_gmt":"2021-05-31T16:59:27","guid":{"rendered":"https:\/\/www.lasoci.org\/?p=10457"},"modified":"2021-05-31T19:00:05","modified_gmt":"2021-05-31T17:00:05","slug":"primer-y-brillante-acto-social-presencial-a-la-soci","status":"publish","type":"post","link":"https:\/\/www.lasoci.org\/es\/primer-y-brillante-acto-social-presencial-a-la-soci\/","title":{"rendered":"Primer (y brillante) acto social presencial en la Soci"},"content":{"rendered":"\n<p>El 27 de mayo ser\u00e1 recordado en clave de asociativa como el d\u00eda que en el local social de la Asociaci\u00f3n tuvo lugar el primer acto social desde que, a causa de la pandemia, nuestra sede tuvo que suspender las actividades presenciales.<\/p>\n\n\n\n<p>&nbsp;&nbsp;&nbsp;&nbsp;&nbsp;&nbsp;&nbsp;&nbsp;&nbsp; El motivo fue una brillante presentaci\u00f3n del nuevo libro que nuestra compa\u00f1era M. \u00c0ngels Sell\u00e9s ha escrito junto con Merc\u00e8 Sendr\u00f3s, sobre el drama de la migraci\u00f3n.<\/p>\n\n\n\n<p>&nbsp;&nbsp;&nbsp;&nbsp;&nbsp;&nbsp;&nbsp;&nbsp;&nbsp; Con el t\u00edtulo de <em>Tres maletas<\/em>, la obra ha sido publicada por la editorial La Mar de F\u00e1cil, y editada en formato de &#8216;lectura f\u00e1cil&#8217;; es decir, con textos adaptados para facilitar la lectura, tanto para p\u00fablico infantil, juvenil y adulto. De esta t\u00e9cnica, \u00c0ngels Sell\u00e9s ha publicado varios libros.<\/p>\n\n\n\n<p><strong>Presentaci\u00f3n de <em>Tres maletas<\/em>, de \u00c1ngeles Sell\u00e9s<\/strong><\/p>\n\n\n\n<p>El acto fue conducido por la periodista Elisenda Soriguera y tomaron parte la polit\u00f3loga, Sonia Aldolz, especialista en estudios de refugiados y migraciones forzadas; Laia Serrano, fundadora y director de la Fundaci\u00f3n BarcelonaActua, y Rosalia Navas, de la entidad Catnova.<\/p>\n\n\n\n<p>&nbsp;&nbsp;&nbsp;&nbsp;&nbsp;&nbsp;&nbsp;&nbsp;&nbsp; Con sus intervenciones, todas las ponentes generaron un debate muy interesante que mantuvieron la atenci\u00f3n del auditorio, que llen\u00f3 por completo el aforo habilitado en el local social.<\/p>\n\n\n\n<p>&nbsp;&nbsp;&nbsp;&nbsp;&nbsp;&nbsp;&nbsp;&nbsp;&nbsp; El detalle de distinci\u00f3n lo puso la compa\u00f1era Dol\u00e7a L\u00f3pez, que interpret\u00f3 algunas canciones especialmente escogidas para la ocasi\u00f3n, que conectaron con la concurrencia, que cerr\u00f3 el acto cantando a coro su \u00faltima interpretaci\u00f3n.<\/p>\n\n\n\n<p><strong>El drama de la migraci\u00f3n<\/strong><\/p>\n\n\n\n<p>Qui\u00e9n tiene abandonar su casa, su pueblo, su pa\u00eds, y dejar atr\u00e1s familia y amigos, no lo hace por gusto, sino porque no tiene otra alternativa para poder vivir dignamente.<\/p>\n\n\n\n<p>&nbsp;&nbsp;&nbsp;&nbsp;&nbsp;&nbsp;&nbsp;&nbsp;&nbsp; <em>Tres maletas<\/em> nos narra la historia de Alessia, una ni\u00f1a bielorrusa que junto con su madre y su hermano tienen que marchar de su pa\u00eds, y llegan a Barcelona, \u200b\u200bdonde esperan encontrar una vida mejor.<\/p>\n\n\n\n<p>&nbsp;&nbsp;&nbsp;&nbsp;&nbsp;&nbsp;&nbsp;&nbsp;&nbsp; El relato se centra en su adaptaci\u00f3n, el recibimiento y acogida en la nueva escuela, a la vez se muestra las dificultades con que los reci\u00e9n llegados se suelen encontrar.<\/p>\n\n\n\n<p>&nbsp;&nbsp;&nbsp;&nbsp;&nbsp;&nbsp;&nbsp;&nbsp;&nbsp; \u00abLa migraci\u00f3n es un drama, y \u200b\u200ben este libro se da fe de ello, a veces con crudeza, pero tambi\u00e9n con esperanza\u00bb, explica el \u00c0ngels. \u00abEl hecho de que las protagonistas sean bielorrusas es un detalle ocasional, pero de hecho, en esta historia se ven reflejados los migrantes de todos los pa\u00edses\u00bb, a\u00f1ade la autora, que se mostraba igualmente muy satisfecha de c\u00f3mo se hab\u00eda desarrollado el encuentro.<\/p>\n\n\n\n<p><strong>Acto Social muy bien valorado<\/strong><\/p>\n\n\n\n<p>La presentaci\u00f3n del libro tuvo lugar en el patio del local social de la calle Sardenya de Barcelona.<\/p>\n\n\n\n<p>&nbsp;&nbsp;&nbsp;&nbsp;&nbsp;&nbsp;&nbsp;&nbsp;&nbsp; El espacio habilitado llen\u00f3 todas las plazas reservadas, con el aforo limitado y respetando los protocolos de seguridad establecidos por la Covid-19. Entre los asistentes, se pudo palpar en todo momento el buen ambiente y las ganas de reencontrarse en la Soci, con la sensaci\u00f3n de que cada vez la situaci\u00f3n tender\u00e1 a normalizarse.<\/p>\n\n\n\n<p>&nbsp;&nbsp;&nbsp;&nbsp;&nbsp;&nbsp;&nbsp;&nbsp;&nbsp; Durante el acto y a la salida, los comentarios eran muy positivos tanto de c\u00f3mo se hab\u00eda desarrollado la velada y el inter\u00e9s que suscit\u00f3, como por la impecable organizaci\u00f3n y el nivel que ofreci\u00f3.<\/p>\n\n\n\n<p><strong>Satisfacci\u00f3n por partida doble<\/strong><\/p>\n\n\n\n<p>Entre los compa\u00f1eros y amigos que asistieron a la presentaci\u00f3n estaba tambi\u00e9n la presidenta de la Soci, Victoria de Lucas, que se mostr\u00f3 \u00abdoblemente contenta\u00bb.<\/p>\n\n\n\n<p>&nbsp;&nbsp;&nbsp;&nbsp;&nbsp;&nbsp;&nbsp;&nbsp;&nbsp; Por un lado, la presidenta estaba reconfortada, \u00abpor haber podido celebrar nuestro primer acto social y presencial en nuestro local, que todos queremos que se vuelva a llenar de actividades para nuestros asociados y asociadas\u00bb.<\/p>\n\n\n\n<p>&nbsp;&nbsp;&nbsp;&nbsp;&nbsp;&nbsp;&nbsp;&nbsp;&nbsp; Y por otro lado, Victoria expres\u00f3 su satisfacci\u00f3n \u00abpor haber coincidido la ocasi\u00f3n con la presentaci\u00f3n del \u00faltimo libro publicado por M. \u00c0ngels Sell\u00e9s, una muy buena amiga y una gran autora y que, sobre todo, ha sido un acto de mucho nivel, tanto para todas las periodistas que han tomado parte, la dulce con las canciones y la participaci\u00f3n de todos los hombres y mujeres que han asistido\u00bb.<\/p>\n\n\n\n<p>&nbsp;&nbsp;&nbsp;&nbsp;&nbsp;&nbsp;&nbsp;&nbsp;&nbsp; \u00a1Ganas de Soci!<\/p>\n","protected":false},"excerpt":{"rendered":"<p>El 27 de mayo ser\u00e1 recordado en clave de asociativa como el d\u00eda que en el local social de la Asociaci\u00f3n tuvo lugar el primer acto social desde que, a causa de la pandemia, nuestra sede tuvo que suspender las actividades presenciales. &nbsp;&nbsp;&nbsp;&nbsp;&nbsp;&nbsp;&nbsp;&nbsp;&nbsp; El motivo fue una brillante presentaci\u00f3n del nuevo libro que nuestra compa\u00f1era&#8230;<\/p>\n","protected":false},"author":4,"featured_media":10455,"comment_status":"closed","ping_status":"closed","sticky":false,"template":"","format":"standard","meta":{"footnotes":""},"categories":[49],"tags":[],"class_list":["post-10457","post","type-post","status-publish","format-standard","has-post-thumbnail","hentry","category-asociacion"],"_links":{"self":[{"href":"https:\/\/www.lasoci.org\/es\/wp-json\/wp\/v2\/posts\/10457","targetHints":{"allow":["GET"]}}],"collection":[{"href":"https:\/\/www.lasoci.org\/es\/wp-json\/wp\/v2\/posts"}],"about":[{"href":"https:\/\/www.lasoci.org\/es\/wp-json\/wp\/v2\/types\/post"}],"author":[{"embeddable":true,"href":"https:\/\/www.lasoci.org\/es\/wp-json\/wp\/v2\/users\/4"}],"replies":[{"embeddable":true,"href":"https:\/\/www.lasoci.org\/es\/wp-json\/wp\/v2\/comments?post=10457"}],"version-history":[{"count":2,"href":"https:\/\/www.lasoci.org\/es\/wp-json\/wp\/v2\/posts\/10457\/revisions"}],"predecessor-version":[{"id":10459,"href":"https:\/\/www.lasoci.org\/es\/wp-json\/wp\/v2\/posts\/10457\/revisions\/10459"}],"wp:featuredmedia":[{"embeddable":true,"href":"https:\/\/www.lasoci.org\/es\/wp-json\/wp\/v2\/media\/10455"}],"wp:attachment":[{"href":"https:\/\/www.lasoci.org\/es\/wp-json\/wp\/v2\/media?parent=10457"}],"wp:term":[{"taxonomy":"category","embeddable":true,"href":"https:\/\/www.lasoci.org\/es\/wp-json\/wp\/v2\/categories?post=10457"},{"taxonomy":"post_tag","embeddable":true,"href":"https:\/\/www.lasoci.org\/es\/wp-json\/wp\/v2\/tags?post=10457"}],"curies":[{"name":"wp","href":"https:\/\/api.w.org\/{rel}","templated":true}]}}